
{"id":799,"date":"2025-12-16T09:35:52","date_gmt":"2025-12-16T12:35:52","guid":{"rendered":"http:\/\/www.calpo.com.ar\/calpo\/?p=799"},"modified":"2025-12-16T09:35:53","modified_gmt":"2025-12-16T12:35:53","slug":"premios-mate-de-plata-2025","status":"publish","type":"post","link":"http:\/\/www.calpo.com.ar\/calpo\/premios-mate-de-plata-2025\/","title":{"rendered":"Premios Mate de Plata 2025"},"content":{"rendered":"\n<p>CALPO acompa\u00f1\u00f3 una nueva edici\u00f3n de la entrega de los Premios Mate de Plata, un reconocimiento que desde hace m\u00e1s de dos d\u00e9cadas distingue a personalidades, empresas e instituciones por su trayectoria, compromiso y aportes al desarrollo local.<\/p>\n\n\n\n<p>En esta 24\u00b0 edici\u00f3n, realizada el jueves 11 de diciembre en el Puerto La Plata, varios socios de nuestra C\u00e1mara fueron distinguidos, lo que nos llena de orgullo:<\/p>\n\n\n\n<p>\ud83d\udd39 MADEXA, empresa representada por Diego Pr\u00edncipi, recibi\u00f3 el Mate de Plata por su trayectoria y aporte al sector industrial.<br>\ud83d\udd39 Pino Ruso fue reconocido como Empresario del A\u00f1o, destacando su compromiso y liderazgo.<br>\ud83d\udd39 Alejandro Salamone recibi\u00f3 una distinci\u00f3n por su revista digital 90 L\u00edneas, por su aporte al periodismo regional e independiente , y la construcci\u00f3n de ciudadan\u00eda informada.<\/p>\n\n\n\n<p>Desde CALPO felicitamos a cada uno de los galardonados y celebramos estos reconocimientos que ponen en valor el trabajo, el esfuerzo y la vocaci\u00f3n de quienes contribuyen d\u00eda a d\u00eda al crecimiento de nuestra regi\u00f3n.<\/p>\n\n\n\n<p>\ud83d\udc99 Avanzamos Juntos., fortaleciendo el entramado productivo, social y cultural del Gran La Plata.<\/p>\n","protected":false},"excerpt":{"rendered":"<p>CALPO acompa\u00f1\u00f3 una nueva edici\u00f3n de la entrega de los Premios Mate de Plata, un reconocimiento que desde hace m\u00e1s de dos d\u00e9cadas distingue a personalidades, empresas e instituciones por su trayectoria, compromiso y aportes al desarrollo local. En esta 24\u00b0 edici\u00f3n, realizada el jueves 11 de diciembre en el Puerto La Plata, varios socios [&hellip;]<\/p>\n","protected":false},"author":1,"featured_media":800,"comment_status":"open","ping_status":"open","sticky":false,"template":"","format":"standard","meta":[],"categories":[8],"tags":[178,185,33,183,184,186],"_links":{"self":[{"href":"http:\/\/www.calpo.com.ar\/calpo\/wp-json\/wp\/v2\/posts\/799"}],"collection":[{"href":"http:\/\/www.calpo.com.ar\/calpo\/wp-json\/wp\/v2\/posts"}],"about":[{"href":"http:\/\/www.calpo.com.ar\/calpo\/wp-json\/wp\/v2\/types\/post"}],"author":[{"embeddable":true,"href":"http:\/\/www.calpo.com.ar\/calpo\/wp-json\/wp\/v2\/users\/1"}],"replies":[{"embeddable":true,"href":"http:\/\/www.calpo.com.ar\/calpo\/wp-json\/wp\/v2\/comments?post=799"}],"version-history":[{"count":1,"href":"http:\/\/www.calpo.com.ar\/calpo\/wp-json\/wp\/v2\/posts\/799\/revisions"}],"predecessor-version":[{"id":801,"href":"http:\/\/www.calpo.com.ar\/calpo\/wp-json\/wp\/v2\/posts\/799\/revisions\/801"}],"wp:featuredmedia":[{"embeddable":true,"href":"http:\/\/www.calpo.com.ar\/calpo\/wp-json\/wp\/v2\/media\/800"}],"wp:attachment":[{"href":"http:\/\/www.calpo.com.ar\/calpo\/wp-json\/wp\/v2\/media?parent=799"}],"wp:term":[{"taxonomy":"category","embeddable":true,"href":"http:\/\/www.calpo.com.ar\/calpo\/wp-json\/wp\/v2\/categories?post=799"},{"taxonomy":"post_tag","embeddable":true,"href":"http:\/\/www.calpo.com.ar\/calpo\/wp-json\/wp\/v2\/tags?post=799"}],"curies":[{"name":"wp","href":"https:\/\/api.w.org\/{rel}","templated":true}]}}