
{"id":794,"date":"2025-11-26T10:33:03","date_gmt":"2025-11-26T13:33:03","guid":{"rendered":"http:\/\/www.calpo.com.ar\/calpo\/?p=794"},"modified":"2025-11-26T10:33:04","modified_gmt":"2025-11-26T13:33:04","slug":"septima-y-ultima-recorrida-del-ano-por-el-cinturon-flori-horticola-del-oeste-platense","status":"publish","type":"post","link":"http:\/\/www.calpo.com.ar\/calpo\/septima-y-ultima-recorrida-del-ano-por-el-cinturon-flori-horticola-del-oeste-platense\/","title":{"rendered":"S\u00e9ptima y \u00faltima recorrida del a\u00f1o por el cintur\u00f3n flori-hort\u00edcola del Oeste Platense"},"content":{"rendered":"\n<p>Este fin de semana se realiz\u00f3 la \u00faltima recorrida 2025 por el entramado productivo del Oeste platense, una iniciativa organizada por Senderos Tur\u00edsticos en articulaci\u00f3n con la Facultad de Ciencias Econ\u00f3micas de la UNLP y con el acompa\u00f1amiento de CALPO.<\/p>\n\n\n\n<p>\ud83d\ude90 Gracias al aporte del micro el\u00e9ctrico de&nbsp;<a href=\"https:\/\/www.instagram.com\/nuevedejulio.bus\/\">@nuevedejulio.bus<\/a>, empresa socia de nuestra C\u00e1mara, la actividad volvi\u00f3 a conectar a estudiantes, productores y vecinos con la riqueza productiva de la regi\u00f3n.<\/p>\n\n\n\n<p>La jornada incluy\u00f3:<\/p>\n\n\n\n<p>\ud83c\udf31 Visita a la quinta de Berta y V\u00edctor, donde los participantes conocieron su historia de trabajo familiar y recorrieron las huertas de tomate, acelga y repollo, pudiendo incluso cosechar productos frescos directamente de la quinta.<\/p>\n\n\n\n<p>\ud83c\udf31 Almuerzo y recorrido por el Museo de Abasto, de la mano de Miriam, en un espacio de intercambio con productoras locales que compartieron arreglos florales, panificados y postres caseros.<\/p>\n\n\n\n<p>\ud83c\udf31 Cierre en el Vivero Coronado, donde Peter comparti\u00f3 su camino de esfuerzo y crecimiento sostenido en un proyecto que hoy es referencia y punto de encuentro para la comunidad.<\/p>\n\n\n\n<p>Estas recorridas, desarrolladas durante todo el a\u00f1o, permiten poner en valor la producci\u00f3n local, la identidad territorial y el trabajo cotidiano de quienes sostienen el cintur\u00f3n flori-hort\u00edcola de nuestra regi\u00f3n.<\/p>\n\n\n\n<p>Desde CALPO, renovamos nuestro compromiso de seguir acompa\u00f1ando acciones que fortalecen el desarrollo productivo, educativo y cultural del Oeste de La Plata.<\/p>\n\n\n\n<p>\ud83d\udc99 Avanzamos juntos.<\/p>\n","protected":false},"excerpt":{"rendered":"<p>Este fin de semana se realiz\u00f3 la \u00faltima recorrida 2025 por el entramado productivo del Oeste platense, una iniciativa organizada por Senderos Tur\u00edsticos en articulaci\u00f3n con la Facultad de Ciencias Econ\u00f3micas de la UNLP y con el acompa\u00f1amiento de CALPO.<\/p>\n","protected":false},"author":1,"featured_media":796,"comment_status":"open","ping_status":"open","sticky":false,"template":"","format":"standard","meta":[],"categories":[8],"tags":[],"_links":{"self":[{"href":"http:\/\/www.calpo.com.ar\/calpo\/wp-json\/wp\/v2\/posts\/794"}],"collection":[{"href":"http:\/\/www.calpo.com.ar\/calpo\/wp-json\/wp\/v2\/posts"}],"about":[{"href":"http:\/\/www.calpo.com.ar\/calpo\/wp-json\/wp\/v2\/types\/post"}],"author":[{"embeddable":true,"href":"http:\/\/www.calpo.com.ar\/calpo\/wp-json\/wp\/v2\/users\/1"}],"replies":[{"embeddable":true,"href":"http:\/\/www.calpo.com.ar\/calpo\/wp-json\/wp\/v2\/comments?post=794"}],"version-history":[{"count":2,"href":"http:\/\/www.calpo.com.ar\/calpo\/wp-json\/wp\/v2\/posts\/794\/revisions"}],"predecessor-version":[{"id":797,"href":"http:\/\/www.calpo.com.ar\/calpo\/wp-json\/wp\/v2\/posts\/794\/revisions\/797"}],"wp:featuredmedia":[{"embeddable":true,"href":"http:\/\/www.calpo.com.ar\/calpo\/wp-json\/wp\/v2\/media\/796"}],"wp:attachment":[{"href":"http:\/\/www.calpo.com.ar\/calpo\/wp-json\/wp\/v2\/media?parent=794"}],"wp:term":[{"taxonomy":"category","embeddable":true,"href":"http:\/\/www.calpo.com.ar\/calpo\/wp-json\/wp\/v2\/categories?post=794"},{"taxonomy":"post_tag","embeddable":true,"href":"http:\/\/www.calpo.com.ar\/calpo\/wp-json\/wp\/v2\/tags?post=794"}],"curies":[{"name":"wp","href":"https:\/\/api.w.org\/{rel}","templated":true}]}}