
{"id":787,"date":"2025-11-12T15:32:02","date_gmt":"2025-11-12T18:32:02","guid":{"rendered":"http:\/\/www.calpo.com.ar\/calpo\/?p=787"},"modified":"2025-11-12T15:32:03","modified_gmt":"2025-11-12T18:32:03","slug":"una-noche-para-celebrar-14-anos-de-compromiso-y-crecimiento","status":"publish","type":"post","link":"http:\/\/www.calpo.com.ar\/calpo\/una-noche-para-celebrar-14-anos-de-compromiso-y-crecimiento\/","title":{"rendered":"UNA NOCHE PARA CELEBRAR 14 A\u00d1OS DE COMPROMISO Y CRECIMIENTO"},"content":{"rendered":"\n<p>Ayer, m\u00e1s de 150 personas se dieron cita en el Hotel Howard Johnson para celebrar el 14\u00b0 Aniversario de CALPO, en una noche que combin\u00f3 reflexi\u00f3n, reconocimientos y una mirada al futuro productivo de la regi\u00f3n Oeste de La Plata.<\/p>\n\n\n\n<p>El encuentro cont\u00f3 con la presencia del intendente Julio Alak, autoridades locales, representantes empresariales, acad\u00e9micos y de instituciones intermedias.<\/p>\n\n\n\n<p>Durante el evento, el secretario Claudio Moretto destac\u00f3 el doble compromiso de CALPO: acompa\u00f1ar a los socios y trabajar por el bienestar de toda la comunidad.<\/p>\n\n\n\n<p>Luego, una charla sobre digitalizaci\u00f3n empresaria \u2014con la participaci\u00f3n de Gast\u00f3n Menvielle (DEVP Soluciones IT y presidente del Polo IT) y Sergio Candelo (Snoop Consulting)\u2014 aport\u00f3 una visi\u00f3n sobre c\u00f3mo la tecnolog\u00eda impulsa la competitividad regional.<\/p>\n\n\n\n<p>Uno de los momentos m\u00e1s emotivos fue la entrega de distinciones especiales a personas y empresas que contribuyen al desarrollo productivo y social de la regi\u00f3n, entre ellos Francisco Gliemmo, Agust\u00edn L\u00f3dola, ZMG, \u00c1rea Productiva La Plata \u2013 Polo 520, Trophy Deportes y el Premio del A\u00f1o CALPO a Madexa, por su esp\u00edritu emprendedor y compromiso con la excelencia.<\/p>\n\n\n\n<p>El cierre de la celebraci\u00f3n incluy\u00f3 un brindis y degustaci\u00f3n de vinos, s\u00edmbolo del trabajo compartido y de una visi\u00f3n com\u00fan: seguir impulsando la producci\u00f3n, la innovaci\u00f3n y el desarrollo local.<\/p>\n\n\n\n<p>Nos acompa\u00f1aron en esta edici\u00f3n:<br>@fondalsa.logisticaytransporte<br>@mcestructurasmetalicas<br>@banco_provincia<br>@nuevedejulio.bus<br>@bancogalicia<br>@infogestionsur<br>@madexalatam<br>@capbauno<br>@lacasadeltechado<br>@ceramicafanelliok<br>@snoopconsulting_<br>@aukot_aberturaspvc<br>@roinich.navesindustriales<br>@pedidossingluten<br>LiuGong<br>DEVP<\/p>\n\n\n\n<p>ref: @90lineaslaplata<br>https:\/\/90lineas.com\/2025\/11\/12\/gran-celebracion-de-la-calpo-14-anos-de-compromiso-gremial-y-comunitario\/<\/p>\n\n\n\n<p>\ud83d\udc99 Avanzamos Juntos.<\/p>\n","protected":false},"excerpt":{"rendered":"<p>Ayer, m\u00e1s de 150 personas se dieron cita en el Hotel Howard Johnson para celebrar el 14\u00b0 Aniversario de CALPO, en una noche que combin\u00f3 reflexi\u00f3n, reconocimientos y una mirada al futuro productivo de la regi\u00f3n Oeste de La Plata.<\/p>\n","protected":false},"author":1,"featured_media":789,"comment_status":"open","ping_status":"open","sticky":false,"template":"","format":"standard","meta":[],"categories":[8],"tags":[],"_links":{"self":[{"href":"http:\/\/www.calpo.com.ar\/calpo\/wp-json\/wp\/v2\/posts\/787"}],"collection":[{"href":"http:\/\/www.calpo.com.ar\/calpo\/wp-json\/wp\/v2\/posts"}],"about":[{"href":"http:\/\/www.calpo.com.ar\/calpo\/wp-json\/wp\/v2\/types\/post"}],"author":[{"embeddable":true,"href":"http:\/\/www.calpo.com.ar\/calpo\/wp-json\/wp\/v2\/users\/1"}],"replies":[{"embeddable":true,"href":"http:\/\/www.calpo.com.ar\/calpo\/wp-json\/wp\/v2\/comments?post=787"}],"version-history":[{"count":3,"href":"http:\/\/www.calpo.com.ar\/calpo\/wp-json\/wp\/v2\/posts\/787\/revisions"}],"predecessor-version":[{"id":792,"href":"http:\/\/www.calpo.com.ar\/calpo\/wp-json\/wp\/v2\/posts\/787\/revisions\/792"}],"wp:featuredmedia":[{"embeddable":true,"href":"http:\/\/www.calpo.com.ar\/calpo\/wp-json\/wp\/v2\/media\/789"}],"wp:attachment":[{"href":"http:\/\/www.calpo.com.ar\/calpo\/wp-json\/wp\/v2\/media?parent=787"}],"wp:term":[{"taxonomy":"category","embeddable":true,"href":"http:\/\/www.calpo.com.ar\/calpo\/wp-json\/wp\/v2\/categories?post=787"},{"taxonomy":"post_tag","embeddable":true,"href":"http:\/\/www.calpo.com.ar\/calpo\/wp-json\/wp\/v2\/tags?post=787"}],"curies":[{"name":"wp","href":"https:\/\/api.w.org\/{rel}","templated":true}]}}