
{"id":783,"date":"2025-10-28T16:44:01","date_gmt":"2025-10-28T19:44:01","guid":{"rendered":"http:\/\/www.calpo.com.ar\/calpo\/?p=783"},"modified":"2025-10-28T16:44:02","modified_gmt":"2025-10-28T19:44:02","slug":"14-aniversario-de-la-calpo-2011-2025","status":"publish","type":"post","link":"http:\/\/www.calpo.com.ar\/calpo\/14-aniversario-de-la-calpo-2011-2025\/","title":{"rendered":"14\u00b0 ANIVERSARIO de la CALPO \u2013 2011 &#8211; 2025"},"content":{"rendered":"\n<p>Ayer, 27 de Octubre, celebramos 14 a\u00f1os de<br>crecimiento, articulaci\u00f3n y compromiso en la regi\u00f3n<br>Oeste de La Plata. Lo que empez\u00f3 como un peque\u00f1o<br>grupo de empresarios convocados en 2011 hoy se ha<br>transformado en una entidad de referencia que agrupa<br>industrias, comercios, empresas de servicios y<br>productores de localidades como Abasto, Lisandro<br>Olmos, Los Hornos, Arturo Segu\u00ed, San Carlos y<br>Melchor Romero.<\/p>\n\n\n\n<p>Durante este tiempo, CALPO no s\u00f3lo ha defendido los<br>intereses de sus socios, sino que tambi\u00e9n ha<br>construido puentes con la universidad, la ciencia, el<br>estado y la sociedad. Hemos participado activamente<br>del desarrollo productivo, de la vinculaci\u00f3n tecnol\u00f3gica<br>y de una agenda de crecimiento colectivo.<\/p>\n\n\n\n<p>En este aniversario renovamos nuestro compromiso:<br>seguir impulsando las oportunidades para nuestras<br>pymes, fomentar la industria local, promover el<br>comercio y construir una regi\u00f3n m\u00e1s fuerte, innovadora<br>y conectada.<\/p>\n\n\n\n<p>ref:<a href=\"http:\/\/www.90lineas.com\" target=\"_blank\" rel=\"noreferrer noopener\">www.90lineas.com<\/a><br>https:\/\/90lineas.com\/2025\/10\/27<br>\/la-camara-la-plata-oeste-calpo-celebra-su-14<br>-aniversario\/<\/p>\n\n\n\n<p>\ud83d\udc99 Avanzamos Juntos.<\/p>\n","protected":false},"excerpt":{"rendered":"<p>Ayer, 27 de Octubre, celebramos 14 a\u00f1os de<br \/>\ncrecimiento, articulaci\u00f3n y compromiso en la regi\u00f3n<br \/>\nOeste de La Plata. Lo que empez\u00f3 como un peque\u00f1o<br \/>\ngrupo de empresarios convocados en 2011 hoy se ha<br \/>\ntransformado en una entidad de referencia que agrupa<br \/>\nindustrias, comercios, empresas de servicios y<br \/>\nproductores de localidades como Abasto, Lisandro<br \/>\nOlmos, Los Hornos, Arturo Segu\u00ed, San Carlos y<br \/>\nMelchor Romero.<\/p>\n","protected":false},"author":1,"featured_media":784,"comment_status":"open","ping_status":"open","sticky":false,"template":"","format":"standard","meta":[],"categories":[8],"tags":[52,178,18,136,33,45],"_links":{"self":[{"href":"http:\/\/www.calpo.com.ar\/calpo\/wp-json\/wp\/v2\/posts\/783"}],"collection":[{"href":"http:\/\/www.calpo.com.ar\/calpo\/wp-json\/wp\/v2\/posts"}],"about":[{"href":"http:\/\/www.calpo.com.ar\/calpo\/wp-json\/wp\/v2\/types\/post"}],"author":[{"embeddable":true,"href":"http:\/\/www.calpo.com.ar\/calpo\/wp-json\/wp\/v2\/users\/1"}],"replies":[{"embeddable":true,"href":"http:\/\/www.calpo.com.ar\/calpo\/wp-json\/wp\/v2\/comments?post=783"}],"version-history":[{"count":1,"href":"http:\/\/www.calpo.com.ar\/calpo\/wp-json\/wp\/v2\/posts\/783\/revisions"}],"predecessor-version":[{"id":785,"href":"http:\/\/www.calpo.com.ar\/calpo\/wp-json\/wp\/v2\/posts\/783\/revisions\/785"}],"wp:featuredmedia":[{"embeddable":true,"href":"http:\/\/www.calpo.com.ar\/calpo\/wp-json\/wp\/v2\/media\/784"}],"wp:attachment":[{"href":"http:\/\/www.calpo.com.ar\/calpo\/wp-json\/wp\/v2\/media?parent=783"}],"wp:term":[{"taxonomy":"category","embeddable":true,"href":"http:\/\/www.calpo.com.ar\/calpo\/wp-json\/wp\/v2\/categories?post=783"},{"taxonomy":"post_tag","embeddable":true,"href":"http:\/\/www.calpo.com.ar\/calpo\/wp-json\/wp\/v2\/tags?post=783"}],"curies":[{"name":"wp","href":"https:\/\/api.w.org\/{rel}","templated":true}]}}